{"id":40947,"date":"2024-09-01T18:07:02","date_gmt":"2024-09-01T16:07:02","guid":{"rendered":"https:\/\/www.feuerwehr-bruderhof.at\/wp2\/?p=40947"},"modified":"2024-09-10T18:55:25","modified_gmt":"2024-09-10T16:55:25","slug":"01-09-2024-fahrzeugpraesentation-beim-sommerfest-des-malteser-hospitaldienst-austria-bereich-salzburg","status":"publish","type":"post","link":"https:\/\/www.feuerwehr-bruderhof.at\/wp2\/news\/veranstaltung\/01-09-2024-fahrzeugpraesentation-beim-sommerfest-des-malteser-hospitaldienst-austria-bereich-salzburg\/","title":{"rendered":"01.09.2024 Fahrzeugpr\u00e4sentation beim Sommerfest des Malteser Hospitaldienst Austria Bereich Salzburg"},"content":{"rendered":"<p>Am 01. September wurden wir von Bereich Salzburg des Malteser Hospitaldienstes eingeladen unser Tankl\u00f6schfahrzeug Tank 1 Bruderhof bei ihrem Sommerfest vorzuf\u00fchren.<\/p>\n<p>Der Malteser Hospitaldienst ist eine \u00f6sterreichweit t\u00e4tige Organisation, welche sich ehrenamtlich im sozial- und sanit\u00e4tsdienstlichen Bereich engagiert. Im Vordergrund des Wirkens der Malteser steht die Arbeit mit Menschen die eine Beeintr\u00e4chtigung haben, den sogenannten Betreuten.\u00a0 So stand auch dieses Sommerfest ganz im Zeichen der anwesenden Betreuten.<\/p>\n<div id='gallery-1' class='gallery galleryid-40947 gallery-columns-3 gallery-size-thumbnail'><figure class='gallery-item'>\n\t\t\t<div class='gallery-icon landscape'>\n\t\t\t\t<a href='https:\/\/www.feuerwehr-bruderhof.at\/wp2\/wp-content\/uploads\/2024\/09\/20240901-Fahrzeugpraesentation-Sommerfest-Malteser-Fotos-Malteser-14.jpg'><img loading=\"lazy\" decoding=\"async\" width=\"150\" height=\"84\" src=\"https:\/\/www.feuerwehr-bruderhof.at\/wp2\/wp-content\/uploads\/2024\/09\/20240901-Fahrzeugpraesentation-Sommerfest-Malteser-Fotos-Malteser-14-150x84.jpg\" class=\"attachment-thumbnail size-thumbnail\" alt=\"\" srcset=\"https:\/\/www.feuerwehr-bruderhof.at\/wp2\/wp-content\/uploads\/2024\/09\/20240901-Fahrzeugpraesentation-Sommerfest-Malteser-Fotos-Malteser-14-150x84.jpg 150w, https:\/\/www.feuerwehr-bruderhof.at\/wp2\/wp-content\/uploads\/2024\/09\/20240901-Fahrzeugpraesentation-Sommerfest-Malteser-Fotos-Malteser-14-250x140.jpg 250w, https:\/\/www.feuerwehr-bruderhof.at\/wp2\/wp-content\/uploads\/2024\/09\/20240901-Fahrzeugpraesentation-Sommerfest-Malteser-Fotos-Malteser-14-700x392.jpg 700w, https:\/\/www.feuerwehr-bruderhof.at\/wp2\/wp-content\/uploads\/2024\/09\/20240901-Fahrzeugpraesentation-Sommerfest-Malteser-Fotos-Malteser-14-768x430.jpg 768w, https:\/\/www.feuerwehr-bruderhof.at\/wp2\/wp-content\/uploads\/2024\/09\/20240901-Fahrzeugpraesentation-Sommerfest-Malteser-Fotos-Malteser-14-1536x860.jpg 1536w, https:\/\/www.feuerwehr-bruderhof.at\/wp2\/wp-content\/uploads\/2024\/09\/20240901-Fahrzeugpraesentation-Sommerfest-Malteser-Fotos-Malteser-14-2048x1147.jpg 2048w\" sizes=\"auto, (max-width: 150px) 100vw, 150px\" \/><\/a>\n\t\t\t<\/div><\/figure><figure class='gallery-item'>\n\t\t\t<div class='gallery-icon portrait'>\n\t\t\t\t<a href='https:\/\/www.feuerwehr-bruderhof.at\/wp2\/wp-content\/uploads\/2024\/09\/20240901-Fahrzeugpraesentation-Sommerfest-Malteser-Fotos-Malteser-11-scaled.jpg'><img loading=\"lazy\" decoding=\"async\" width=\"100\" height=\"150\" src=\"https:\/\/www.feuerwehr-bruderhof.at\/wp2\/wp-content\/uploads\/2024\/09\/20240901-Fahrzeugpraesentation-Sommerfest-Malteser-Fotos-Malteser-11-100x150.jpg\" class=\"attachment-thumbnail size-thumbnail\" alt=\"\" srcset=\"https:\/\/www.feuerwehr-bruderhof.at\/wp2\/wp-content\/uploads\/2024\/09\/20240901-Fahrzeugpraesentation-Sommerfest-Malteser-Fotos-Malteser-11-100x150.jpg 100w, https:\/\/www.feuerwehr-bruderhof.at\/wp2\/wp-content\/uploads\/2024\/09\/20240901-Fahrzeugpraesentation-Sommerfest-Malteser-Fotos-Malteser-11-250x375.jpg 250w, https:\/\/www.feuerwehr-bruderhof.at\/wp2\/wp-content\/uploads\/2024\/09\/20240901-Fahrzeugpraesentation-Sommerfest-Malteser-Fotos-Malteser-11-700x1050.jpg 700w, https:\/\/www.feuerwehr-bruderhof.at\/wp2\/wp-content\/uploads\/2024\/09\/20240901-Fahrzeugpraesentation-Sommerfest-Malteser-Fotos-Malteser-11-768x1152.jpg 768w, https:\/\/www.feuerwehr-bruderhof.at\/wp2\/wp-content\/uploads\/2024\/09\/20240901-Fahrzeugpraesentation-Sommerfest-Malteser-Fotos-Malteser-11-1024x1536.jpg 1024w, https:\/\/www.feuerwehr-bruderhof.at\/wp2\/wp-content\/uploads\/2024\/09\/20240901-Fahrzeugpraesentation-Sommerfest-Malteser-Fotos-Malteser-11-1365x2048.jpg 1365w, https:\/\/www.feuerwehr-bruderhof.at\/wp2\/wp-content\/uploads\/2024\/09\/20240901-Fahrzeugpraesentation-Sommerfest-Malteser-Fotos-Malteser-11-scaled.jpg 1707w\" sizes=\"auto, (max-width: 100px) 100vw, 100px\" \/><\/a>\n\t\t\t<\/div><\/figure><figure class='gallery-item'>\n\t\t\t<div class='gallery-icon landscape'>\n\t\t\t\t<a href='https:\/\/www.feuerwehr-bruderhof.at\/wp2\/wp-content\/uploads\/2024\/09\/20240901-Fahrzeugpraesentation-Sommerfest-Malteser-Fotos-Malteser-10-scaled.jpg'><img loading=\"lazy\" decoding=\"async\" width=\"150\" height=\"100\" src=\"https:\/\/www.feuerwehr-bruderhof.at\/wp2\/wp-content\/uploads\/2024\/09\/20240901-Fahrzeugpraesentation-Sommerfest-Malteser-Fotos-Malteser-10-150x100.jpg\" class=\"attachment-thumbnail size-thumbnail\" alt=\"\" srcset=\"https:\/\/www.feuerwehr-bruderhof.at\/wp2\/wp-content\/uploads\/2024\/09\/20240901-Fahrzeugpraesentation-Sommerfest-Malteser-Fotos-Malteser-10-150x100.jpg 150w, https:\/\/www.feuerwehr-bruderhof.at\/wp2\/wp-content\/uploads\/2024\/09\/20240901-Fahrzeugpraesentation-Sommerfest-Malteser-Fotos-Malteser-10-250x167.jpg 250w, https:\/\/www.feuerwehr-bruderhof.at\/wp2\/wp-content\/uploads\/2024\/09\/20240901-Fahrzeugpraesentation-Sommerfest-Malteser-Fotos-Malteser-10-700x467.jpg 700w, https:\/\/www.feuerwehr-bruderhof.at\/wp2\/wp-content\/uploads\/2024\/09\/20240901-Fahrzeugpraesentation-Sommerfest-Malteser-Fotos-Malteser-10-768x512.jpg 768w, https:\/\/www.feuerwehr-bruderhof.at\/wp2\/wp-content\/uploads\/2024\/09\/20240901-Fahrzeugpraesentation-Sommerfest-Malteser-Fotos-Malteser-10-1536x1024.jpg 1536w, https:\/\/www.feuerwehr-bruderhof.at\/wp2\/wp-content\/uploads\/2024\/09\/20240901-Fahrzeugpraesentation-Sommerfest-Malteser-Fotos-Malteser-10-2048x1365.jpg 2048w, https:\/\/www.feuerwehr-bruderhof.at\/wp2\/wp-content\/uploads\/2024\/09\/20240901-Fahrzeugpraesentation-Sommerfest-Malteser-Fotos-Malteser-10-120x80.jpg 120w\" sizes=\"auto, (max-width: 150px) 100vw, 150px\" \/><\/a>\n\t\t\t<\/div><\/figure>\n\t\t<\/div>\n\n<p>Auch f\u00fcr uns war es eine au\u00dfergew\u00f6hnlich sch\u00f6ne Erfahrung, den Betreuten und Maltesern einen Einblick in die Arbeit der Freiwilligen Feuerwehr erm\u00f6glichen zu k\u00f6nnen. Ein ganz besonderes Highlight war, unseren Tank 1 Bruderhof, f\u00fcr die Betreuten hautnah erlebbar zu machen.<\/p>\n<div id='gallery-2' class='gallery galleryid-40947 gallery-columns-3 gallery-size-thumbnail'><figure class='gallery-item'>\n\t\t\t<div class='gallery-icon landscape'>\n\t\t\t\t<a href='https:\/\/www.feuerwehr-bruderhof.at\/wp2\/wp-content\/uploads\/2024\/09\/20240901-Fahrzeugpraesentation-Sommerfest-Malteser-Fotos-Malteser-7-scaled.jpg'><img loading=\"lazy\" decoding=\"async\" width=\"150\" height=\"100\" src=\"https:\/\/www.feuerwehr-bruderhof.at\/wp2\/wp-content\/uploads\/2024\/09\/20240901-Fahrzeugpraesentation-Sommerfest-Malteser-Fotos-Malteser-7-150x100.jpg\" class=\"attachment-thumbnail size-thumbnail\" alt=\"\" srcset=\"https:\/\/www.feuerwehr-bruderhof.at\/wp2\/wp-content\/uploads\/2024\/09\/20240901-Fahrzeugpraesentation-Sommerfest-Malteser-Fotos-Malteser-7-150x100.jpg 150w, https:\/\/www.feuerwehr-bruderhof.at\/wp2\/wp-content\/uploads\/2024\/09\/20240901-Fahrzeugpraesentation-Sommerfest-Malteser-Fotos-Malteser-7-250x167.jpg 250w, https:\/\/www.feuerwehr-bruderhof.at\/wp2\/wp-content\/uploads\/2024\/09\/20240901-Fahrzeugpraesentation-Sommerfest-Malteser-Fotos-Malteser-7-700x467.jpg 700w, https:\/\/www.feuerwehr-bruderhof.at\/wp2\/wp-content\/uploads\/2024\/09\/20240901-Fahrzeugpraesentation-Sommerfest-Malteser-Fotos-Malteser-7-768x512.jpg 768w, https:\/\/www.feuerwehr-bruderhof.at\/wp2\/wp-content\/uploads\/2024\/09\/20240901-Fahrzeugpraesentation-Sommerfest-Malteser-Fotos-Malteser-7-1536x1024.jpg 1536w, https:\/\/www.feuerwehr-bruderhof.at\/wp2\/wp-content\/uploads\/2024\/09\/20240901-Fahrzeugpraesentation-Sommerfest-Malteser-Fotos-Malteser-7-2048x1365.jpg 2048w, https:\/\/www.feuerwehr-bruderhof.at\/wp2\/wp-content\/uploads\/2024\/09\/20240901-Fahrzeugpraesentation-Sommerfest-Malteser-Fotos-Malteser-7-120x80.jpg 120w\" sizes=\"auto, (max-width: 150px) 100vw, 150px\" \/><\/a>\n\t\t\t<\/div><\/figure><figure class='gallery-item'>\n\t\t\t<div class='gallery-icon portrait'>\n\t\t\t\t<a href='https:\/\/www.feuerwehr-bruderhof.at\/wp2\/wp-content\/uploads\/2024\/09\/20240901-Fahrzeugpraesentation-Sommerfest-Malteser-Fotos-Malteser-11-scaled.jpg'><img loading=\"lazy\" decoding=\"async\" width=\"100\" height=\"150\" src=\"https:\/\/www.feuerwehr-bruderhof.at\/wp2\/wp-content\/uploads\/2024\/09\/20240901-Fahrzeugpraesentation-Sommerfest-Malteser-Fotos-Malteser-11-100x150.jpg\" class=\"attachment-thumbnail size-thumbnail\" alt=\"\" srcset=\"https:\/\/www.feuerwehr-bruderhof.at\/wp2\/wp-content\/uploads\/2024\/09\/20240901-Fahrzeugpraesentation-Sommerfest-Malteser-Fotos-Malteser-11-100x150.jpg 100w, https:\/\/www.feuerwehr-bruderhof.at\/wp2\/wp-content\/uploads\/2024\/09\/20240901-Fahrzeugpraesentation-Sommerfest-Malteser-Fotos-Malteser-11-250x375.jpg 250w, https:\/\/www.feuerwehr-bruderhof.at\/wp2\/wp-content\/uploads\/2024\/09\/20240901-Fahrzeugpraesentation-Sommerfest-Malteser-Fotos-Malteser-11-700x1050.jpg 700w, https:\/\/www.feuerwehr-bruderhof.at\/wp2\/wp-content\/uploads\/2024\/09\/20240901-Fahrzeugpraesentation-Sommerfest-Malteser-Fotos-Malteser-11-768x1152.jpg 768w, https:\/\/www.feuerwehr-bruderhof.at\/wp2\/wp-content\/uploads\/2024\/09\/20240901-Fahrzeugpraesentation-Sommerfest-Malteser-Fotos-Malteser-11-1024x1536.jpg 1024w, https:\/\/www.feuerwehr-bruderhof.at\/wp2\/wp-content\/uploads\/2024\/09\/20240901-Fahrzeugpraesentation-Sommerfest-Malteser-Fotos-Malteser-11-1365x2048.jpg 1365w, https:\/\/www.feuerwehr-bruderhof.at\/wp2\/wp-content\/uploads\/2024\/09\/20240901-Fahrzeugpraesentation-Sommerfest-Malteser-Fotos-Malteser-11-scaled.jpg 1707w\" sizes=\"auto, (max-width: 100px) 100vw, 100px\" \/><\/a>\n\t\t\t<\/div><\/figure><figure class='gallery-item'>\n\t\t\t<div class='gallery-icon landscape'>\n\t\t\t\t<a href='https:\/\/www.feuerwehr-bruderhof.at\/wp2\/wp-content\/uploads\/2024\/09\/20240901-Fahrzeugpraesentation-Sommerfest-Malteser-Fotos-Malteser-5-scaled.jpg'><img loading=\"lazy\" decoding=\"async\" width=\"150\" height=\"100\" src=\"https:\/\/www.feuerwehr-bruderhof.at\/wp2\/wp-content\/uploads\/2024\/09\/20240901-Fahrzeugpraesentation-Sommerfest-Malteser-Fotos-Malteser-5-150x100.jpg\" class=\"attachment-thumbnail size-thumbnail\" alt=\"\" srcset=\"https:\/\/www.feuerwehr-bruderhof.at\/wp2\/wp-content\/uploads\/2024\/09\/20240901-Fahrzeugpraesentation-Sommerfest-Malteser-Fotos-Malteser-5-150x100.jpg 150w, https:\/\/www.feuerwehr-bruderhof.at\/wp2\/wp-content\/uploads\/2024\/09\/20240901-Fahrzeugpraesentation-Sommerfest-Malteser-Fotos-Malteser-5-250x167.jpg 250w, https:\/\/www.feuerwehr-bruderhof.at\/wp2\/wp-content\/uploads\/2024\/09\/20240901-Fahrzeugpraesentation-Sommerfest-Malteser-Fotos-Malteser-5-700x467.jpg 700w, https:\/\/www.feuerwehr-bruderhof.at\/wp2\/wp-content\/uploads\/2024\/09\/20240901-Fahrzeugpraesentation-Sommerfest-Malteser-Fotos-Malteser-5-768x512.jpg 768w, https:\/\/www.feuerwehr-bruderhof.at\/wp2\/wp-content\/uploads\/2024\/09\/20240901-Fahrzeugpraesentation-Sommerfest-Malteser-Fotos-Malteser-5-1536x1024.jpg 1536w, https:\/\/www.feuerwehr-bruderhof.at\/wp2\/wp-content\/uploads\/2024\/09\/20240901-Fahrzeugpraesentation-Sommerfest-Malteser-Fotos-Malteser-5-2048x1365.jpg 2048w, https:\/\/www.feuerwehr-bruderhof.at\/wp2\/wp-content\/uploads\/2024\/09\/20240901-Fahrzeugpraesentation-Sommerfest-Malteser-Fotos-Malteser-5-120x80.jpg 120w\" sizes=\"auto, (max-width: 150px) 100vw, 150px\" \/><\/a>\n\t\t\t<\/div><\/figure>\n\t\t<\/div>\n\n<p>Mit vereinten Kr\u00e4ften der Malteser und unserer Mannschaft, hoben wir die Betreute vom Rollstuhl aus in unser Fahrzeug. Die grenzenlose Begeisterung in den Strahlenden Augen der Betreuten, zeigte uns, dass es die kleinen Dinge im Leben sein k\u00f6nnen, die den entscheidenden Unterschied machen.<\/p>\n<div id='gallery-3' class='gallery galleryid-40947 gallery-columns-3 gallery-size-thumbnail'><figure class='gallery-item'>\n\t\t\t<div class='gallery-icon landscape'>\n\t\t\t\t<a href='https:\/\/www.feuerwehr-bruderhof.at\/wp2\/wp-content\/uploads\/2024\/09\/20240901-Fahrzeugpraesentation-Sommerfest-Malteser-Fotos-Malteser-3-scaled.jpg'><img loading=\"lazy\" decoding=\"async\" width=\"150\" height=\"100\" src=\"https:\/\/www.feuerwehr-bruderhof.at\/wp2\/wp-content\/uploads\/2024\/09\/20240901-Fahrzeugpraesentation-Sommerfest-Malteser-Fotos-Malteser-3-150x100.jpg\" class=\"attachment-thumbnail size-thumbnail\" alt=\"\" srcset=\"https:\/\/www.feuerwehr-bruderhof.at\/wp2\/wp-content\/uploads\/2024\/09\/20240901-Fahrzeugpraesentation-Sommerfest-Malteser-Fotos-Malteser-3-150x100.jpg 150w, https:\/\/www.feuerwehr-bruderhof.at\/wp2\/wp-content\/uploads\/2024\/09\/20240901-Fahrzeugpraesentation-Sommerfest-Malteser-Fotos-Malteser-3-250x167.jpg 250w, https:\/\/www.feuerwehr-bruderhof.at\/wp2\/wp-content\/uploads\/2024\/09\/20240901-Fahrzeugpraesentation-Sommerfest-Malteser-Fotos-Malteser-3-700x467.jpg 700w, https:\/\/www.feuerwehr-bruderhof.at\/wp2\/wp-content\/uploads\/2024\/09\/20240901-Fahrzeugpraesentation-Sommerfest-Malteser-Fotos-Malteser-3-768x512.jpg 768w, https:\/\/www.feuerwehr-bruderhof.at\/wp2\/wp-content\/uploads\/2024\/09\/20240901-Fahrzeugpraesentation-Sommerfest-Malteser-Fotos-Malteser-3-1536x1024.jpg 1536w, https:\/\/www.feuerwehr-bruderhof.at\/wp2\/wp-content\/uploads\/2024\/09\/20240901-Fahrzeugpraesentation-Sommerfest-Malteser-Fotos-Malteser-3-2048x1365.jpg 2048w, https:\/\/www.feuerwehr-bruderhof.at\/wp2\/wp-content\/uploads\/2024\/09\/20240901-Fahrzeugpraesentation-Sommerfest-Malteser-Fotos-Malteser-3-120x80.jpg 120w\" sizes=\"auto, (max-width: 150px) 100vw, 150px\" \/><\/a>\n\t\t\t<\/div><\/figure><figure class='gallery-item'>\n\t\t\t<div class='gallery-icon portrait'>\n\t\t\t\t<a href='https:\/\/www.feuerwehr-bruderhof.at\/wp2\/wp-content\/uploads\/2024\/09\/20240901-Fahrzeugpraesentation-Sommerfest-Malteser-Fotos-Malteser-6-scaled.jpg'><img loading=\"lazy\" decoding=\"async\" width=\"100\" height=\"150\" src=\"https:\/\/www.feuerwehr-bruderhof.at\/wp2\/wp-content\/uploads\/2024\/09\/20240901-Fahrzeugpraesentation-Sommerfest-Malteser-Fotos-Malteser-6-100x150.jpg\" class=\"attachment-thumbnail size-thumbnail\" alt=\"\" srcset=\"https:\/\/www.feuerwehr-bruderhof.at\/wp2\/wp-content\/uploads\/2024\/09\/20240901-Fahrzeugpraesentation-Sommerfest-Malteser-Fotos-Malteser-6-100x150.jpg 100w, https:\/\/www.feuerwehr-bruderhof.at\/wp2\/wp-content\/uploads\/2024\/09\/20240901-Fahrzeugpraesentation-Sommerfest-Malteser-Fotos-Malteser-6-250x375.jpg 250w, https:\/\/www.feuerwehr-bruderhof.at\/wp2\/wp-content\/uploads\/2024\/09\/20240901-Fahrzeugpraesentation-Sommerfest-Malteser-Fotos-Malteser-6-700x1050.jpg 700w, https:\/\/www.feuerwehr-bruderhof.at\/wp2\/wp-content\/uploads\/2024\/09\/20240901-Fahrzeugpraesentation-Sommerfest-Malteser-Fotos-Malteser-6-768x1152.jpg 768w, https:\/\/www.feuerwehr-bruderhof.at\/wp2\/wp-content\/uploads\/2024\/09\/20240901-Fahrzeugpraesentation-Sommerfest-Malteser-Fotos-Malteser-6-1024x1536.jpg 1024w, https:\/\/www.feuerwehr-bruderhof.at\/wp2\/wp-content\/uploads\/2024\/09\/20240901-Fahrzeugpraesentation-Sommerfest-Malteser-Fotos-Malteser-6-1365x2048.jpg 1365w, https:\/\/www.feuerwehr-bruderhof.at\/wp2\/wp-content\/uploads\/2024\/09\/20240901-Fahrzeugpraesentation-Sommerfest-Malteser-Fotos-Malteser-6-scaled.jpg 1707w\" sizes=\"auto, (max-width: 100px) 100vw, 100px\" \/><\/a>\n\t\t\t<\/div><\/figure><figure class='gallery-item'>\n\t\t\t<div class='gallery-icon portrait'>\n\t\t\t\t<a href='https:\/\/www.feuerwehr-bruderhof.at\/wp2\/wp-content\/uploads\/2024\/09\/20240901-Fahrzeugpraesentation-Sommerfest-Malteser-Fotos-Malteser-4-scaled.jpg'><img loading=\"lazy\" decoding=\"async\" width=\"100\" height=\"150\" src=\"https:\/\/www.feuerwehr-bruderhof.at\/wp2\/wp-content\/uploads\/2024\/09\/20240901-Fahrzeugpraesentation-Sommerfest-Malteser-Fotos-Malteser-4-100x150.jpg\" class=\"attachment-thumbnail size-thumbnail\" alt=\"\" srcset=\"https:\/\/www.feuerwehr-bruderhof.at\/wp2\/wp-content\/uploads\/2024\/09\/20240901-Fahrzeugpraesentation-Sommerfest-Malteser-Fotos-Malteser-4-100x150.jpg 100w, https:\/\/www.feuerwehr-bruderhof.at\/wp2\/wp-content\/uploads\/2024\/09\/20240901-Fahrzeugpraesentation-Sommerfest-Malteser-Fotos-Malteser-4-250x375.jpg 250w, https:\/\/www.feuerwehr-bruderhof.at\/wp2\/wp-content\/uploads\/2024\/09\/20240901-Fahrzeugpraesentation-Sommerfest-Malteser-Fotos-Malteser-4-700x1050.jpg 700w, https:\/\/www.feuerwehr-bruderhof.at\/wp2\/wp-content\/uploads\/2024\/09\/20240901-Fahrzeugpraesentation-Sommerfest-Malteser-Fotos-Malteser-4-768x1152.jpg 768w, https:\/\/www.feuerwehr-bruderhof.at\/wp2\/wp-content\/uploads\/2024\/09\/20240901-Fahrzeugpraesentation-Sommerfest-Malteser-Fotos-Malteser-4-1024x1536.jpg 1024w, https:\/\/www.feuerwehr-bruderhof.at\/wp2\/wp-content\/uploads\/2024\/09\/20240901-Fahrzeugpraesentation-Sommerfest-Malteser-Fotos-Malteser-4-1365x2048.jpg 1365w, https:\/\/www.feuerwehr-bruderhof.at\/wp2\/wp-content\/uploads\/2024\/09\/20240901-Fahrzeugpraesentation-Sommerfest-Malteser-Fotos-Malteser-4-scaled.jpg 1707w\" sizes=\"auto, (max-width: 100px) 100vw, 100px\" \/><\/a>\n\t\t\t<\/div><\/figure>\n\t\t<\/div>\n\n<p>&nbsp;<\/p>\n<p>Ein spannender Nachmittag f\u00fcr beide Seiten !<\/p>\n<p>Fotos: Malteser Hospitaldienst Austria Bereich Salzburg<\/p>\n<p>Text: OFM Ramb\u00f6ck<\/p>\n<p>BI Ziss Heimo<\/p>\n<p>\u00d6ffentlichkeitsarbeit LZ Bruderhof<\/p>\n","protected":false},"excerpt":{"rendered":"<p>Am 01. September wurden wir von Bereich Salzburg des Malteser Hospitaldienstes eingeladen unser Tankl\u00f6schfahrzeug Tank 1 Bruderhof bei ihrem Sommerfest<\/p>\n","protected":false},"author":4,"featured_media":40944,"comment_status":"closed","ping_status":"closed","sticky":false,"template":"","format":"standard","meta":{"footnotes":""},"categories":[22,6],"tags":[],"class_list":["post-40947","post","type-post","status-publish","format-standard","has-post-thumbnail","hentry","category-news","category-veranstaltung"],"_links":{"self":[{"href":"https:\/\/www.feuerwehr-bruderhof.at\/wp2\/wp-json\/wp\/v2\/posts\/40947","targetHints":{"allow":["GET"]}}],"collection":[{"href":"https:\/\/www.feuerwehr-bruderhof.at\/wp2\/wp-json\/wp\/v2\/posts"}],"about":[{"href":"https:\/\/www.feuerwehr-bruderhof.at\/wp2\/wp-json\/wp\/v2\/types\/post"}],"author":[{"embeddable":true,"href":"https:\/\/www.feuerwehr-bruderhof.at\/wp2\/wp-json\/wp\/v2\/users\/4"}],"replies":[{"embeddable":true,"href":"https:\/\/www.feuerwehr-bruderhof.at\/wp2\/wp-json\/wp\/v2\/comments?post=40947"}],"version-history":[{"count":3,"href":"https:\/\/www.feuerwehr-bruderhof.at\/wp2\/wp-json\/wp\/v2\/posts\/40947\/revisions"}],"predecessor-version":[{"id":40950,"href":"https:\/\/www.feuerwehr-bruderhof.at\/wp2\/wp-json\/wp\/v2\/posts\/40947\/revisions\/40950"}],"wp:featuredmedia":[{"embeddable":true,"href":"https:\/\/www.feuerwehr-bruderhof.at\/wp2\/wp-json\/wp\/v2\/media\/40944"}],"wp:attachment":[{"href":"https:\/\/www.feuerwehr-bruderhof.at\/wp2\/wp-json\/wp\/v2\/media?parent=40947"}],"wp:term":[{"taxonomy":"category","embeddable":true,"href":"https:\/\/www.feuerwehr-bruderhof.at\/wp2\/wp-json\/wp\/v2\/categories?post=40947"},{"taxonomy":"post_tag","embeddable":true,"href":"https:\/\/www.feuerwehr-bruderhof.at\/wp2\/wp-json\/wp\/v2\/tags?post=40947"}],"curies":[{"name":"wp","href":"https:\/\/api.w.org\/{rel}","templated":true}]}}