{"id":8611,"date":"2016-01-14T13:13:32","date_gmt":"2016-01-14T12:13:32","guid":{"rendered":"http:\/\/www.feuerwehr-bruderhof.at\/wp2\/?p=8611"},"modified":"2016-06-17T13:17:00","modified_gmt":"2016-06-17T11:17:00","slug":"fahrzeug-und-geraetekunde","status":"publish","type":"post","link":"https:\/\/www.feuerwehr-bruderhof.at\/wp2\/news\/feuerwehrjugend\/fahrzeug-und-geraetekunde\/","title":{"rendered":"Fahrzeug und Ger\u00e4tekunde"},"content":{"rendered":"<p><a href=\"https:\/\/www.feuerwehr-bruderhof.at\/wp2\/wp-content\/uploads\/2016\/06\/2016-01-14-Fahrzeug-und-Geraetekunde-1.jpg\" rel=\"attachment wp-att-8612\"><img loading=\"lazy\" decoding=\"async\" class=\"alignright size-medium wp-image-8612\" src=\"https:\/\/www.feuerwehr-bruderhof.at\/wp2\/wp-content\/uploads\/2016\/06\/2016-01-14-Fahrzeug-und-Geraetekunde-1-250x141.jpg\" alt=\"2016-01-14-Fahrzeug-und-Geraetekunde (1)\" width=\"250\" height=\"141\" srcset=\"https:\/\/www.feuerwehr-bruderhof.at\/wp2\/wp-content\/uploads\/2016\/06\/2016-01-14-Fahrzeug-und-Geraetekunde-1-250x141.jpg 250w, https:\/\/www.feuerwehr-bruderhof.at\/wp2\/wp-content\/uploads\/2016\/06\/2016-01-14-Fahrzeug-und-Geraetekunde-1-150x84.jpg 150w, https:\/\/www.feuerwehr-bruderhof.at\/wp2\/wp-content\/uploads\/2016\/06\/2016-01-14-Fahrzeug-und-Geraetekunde-1-768x432.jpg 768w, https:\/\/www.feuerwehr-bruderhof.at\/wp2\/wp-content\/uploads\/2016\/06\/2016-01-14-Fahrzeug-und-Geraetekunde-1-700x394.jpg 700w, https:\/\/www.feuerwehr-bruderhof.at\/wp2\/wp-content\/uploads\/2016\/06\/2016-01-14-Fahrzeug-und-Geraetekunde-1-900x506.jpg 900w, https:\/\/www.feuerwehr-bruderhof.at\/wp2\/wp-content\/uploads\/2016\/06\/2016-01-14-Fahrzeug-und-Geraetekunde-1.jpg 960w\" sizes=\"auto, (max-width: 250px) 100vw, 250px\" \/><\/a>Am heutigen \u00dcbungstag stand Fahrzeug und Ger\u00e4tekunde am Dienstplan um den Jugendlichen die Beladung unserer Fahrzeuge n\u00e4her zu bringen und um ihnen Fragen zu gewissen Ger\u00e4ten zu beantworten.<\/p>\n<p>&nbsp;<\/p>\n<p>&nbsp;<\/p>\n<p>&nbsp;<\/p>\n<div id='gallery-1' class='gallery galleryid-8611 gallery-columns-4 gallery-size-thumbnail'><figure class='gallery-item'>\n\t\t\t<div class='gallery-icon landscape'>\n\t\t\t\t<a href='https:\/\/www.feuerwehr-bruderhof.at\/wp2\/wp-content\/uploads\/2016\/06\/2016-01-14-Fahrzeug-und-Geraetekunde-1.jpg'><img loading=\"lazy\" decoding=\"async\" width=\"150\" height=\"84\" src=\"https:\/\/www.feuerwehr-bruderhof.at\/wp2\/wp-content\/uploads\/2016\/06\/2016-01-14-Fahrzeug-und-Geraetekunde-1-150x84.jpg\" class=\"attachment-thumbnail size-thumbnail\" alt=\"\" srcset=\"https:\/\/www.feuerwehr-bruderhof.at\/wp2\/wp-content\/uploads\/2016\/06\/2016-01-14-Fahrzeug-und-Geraetekunde-1-150x84.jpg 150w, https:\/\/www.feuerwehr-bruderhof.at\/wp2\/wp-content\/uploads\/2016\/06\/2016-01-14-Fahrzeug-und-Geraetekunde-1-250x141.jpg 250w, https:\/\/www.feuerwehr-bruderhof.at\/wp2\/wp-content\/uploads\/2016\/06\/2016-01-14-Fahrzeug-und-Geraetekunde-1-768x432.jpg 768w, https:\/\/www.feuerwehr-bruderhof.at\/wp2\/wp-content\/uploads\/2016\/06\/2016-01-14-Fahrzeug-und-Geraetekunde-1-700x394.jpg 700w, https:\/\/www.feuerwehr-bruderhof.at\/wp2\/wp-content\/uploads\/2016\/06\/2016-01-14-Fahrzeug-und-Geraetekunde-1-900x506.jpg 900w, https:\/\/www.feuerwehr-bruderhof.at\/wp2\/wp-content\/uploads\/2016\/06\/2016-01-14-Fahrzeug-und-Geraetekunde-1.jpg 960w\" sizes=\"auto, (max-width: 150px) 100vw, 150px\" \/><\/a>\n\t\t\t<\/div><\/figure><figure class='gallery-item'>\n\t\t\t<div class='gallery-icon landscape'>\n\t\t\t\t<a href='https:\/\/www.feuerwehr-bruderhof.at\/wp2\/wp-content\/uploads\/2016\/06\/2016-01-14-Fahrzeug-und-Geraetekunde-2.jpg'><img loading=\"lazy\" decoding=\"async\" width=\"150\" height=\"84\" src=\"https:\/\/www.feuerwehr-bruderhof.at\/wp2\/wp-content\/uploads\/2016\/06\/2016-01-14-Fahrzeug-und-Geraetekunde-2-150x84.jpg\" class=\"attachment-thumbnail size-thumbnail\" alt=\"\" srcset=\"https:\/\/www.feuerwehr-bruderhof.at\/wp2\/wp-content\/uploads\/2016\/06\/2016-01-14-Fahrzeug-und-Geraetekunde-2-150x84.jpg 150w, https:\/\/www.feuerwehr-bruderhof.at\/wp2\/wp-content\/uploads\/2016\/06\/2016-01-14-Fahrzeug-und-Geraetekunde-2-250x141.jpg 250w, https:\/\/www.feuerwehr-bruderhof.at\/wp2\/wp-content\/uploads\/2016\/06\/2016-01-14-Fahrzeug-und-Geraetekunde-2-768x432.jpg 768w, https:\/\/www.feuerwehr-bruderhof.at\/wp2\/wp-content\/uploads\/2016\/06\/2016-01-14-Fahrzeug-und-Geraetekunde-2-700x394.jpg 700w, https:\/\/www.feuerwehr-bruderhof.at\/wp2\/wp-content\/uploads\/2016\/06\/2016-01-14-Fahrzeug-und-Geraetekunde-2-900x506.jpg 900w, https:\/\/www.feuerwehr-bruderhof.at\/wp2\/wp-content\/uploads\/2016\/06\/2016-01-14-Fahrzeug-und-Geraetekunde-2.jpg 960w\" sizes=\"auto, (max-width: 150px) 100vw, 150px\" \/><\/a>\n\t\t\t<\/div><\/figure><figure class='gallery-item'>\n\t\t\t<div class='gallery-icon portrait'>\n\t\t\t\t<a href='https:\/\/www.feuerwehr-bruderhof.at\/wp2\/wp-content\/uploads\/2016\/06\/2016-01-14-Fahrzeug-und-Geraetekunde-3.jpg'><img loading=\"lazy\" decoding=\"async\" width=\"83\" height=\"150\" src=\"https:\/\/www.feuerwehr-bruderhof.at\/wp2\/wp-content\/uploads\/2016\/06\/2016-01-14-Fahrzeug-und-Geraetekunde-3-83x150.jpg\" class=\"attachment-thumbnail size-thumbnail\" alt=\"\" srcset=\"https:\/\/www.feuerwehr-bruderhof.at\/wp2\/wp-content\/uploads\/2016\/06\/2016-01-14-Fahrzeug-und-Geraetekunde-3-83x150.jpg 83w, https:\/\/www.feuerwehr-bruderhof.at\/wp2\/wp-content\/uploads\/2016\/06\/2016-01-14-Fahrzeug-und-Geraetekunde-3-250x455.jpg 250w, https:\/\/www.feuerwehr-bruderhof.at\/wp2\/wp-content\/uploads\/2016\/06\/2016-01-14-Fahrzeug-und-Geraetekunde-3.jpg 528w\" sizes=\"auto, (max-width: 83px) 100vw, 83px\" \/><\/a>\n\t\t\t<\/div><\/figure><figure class='gallery-item'>\n\t\t\t<div class='gallery-icon landscape'>\n\t\t\t\t<a href='https:\/\/www.feuerwehr-bruderhof.at\/wp2\/wp-content\/uploads\/2016\/06\/2016-01-14-Fahrzeug-und-Geraetekunde-4.jpg'><img loading=\"lazy\" decoding=\"async\" width=\"150\" height=\"84\" src=\"https:\/\/www.feuerwehr-bruderhof.at\/wp2\/wp-content\/uploads\/2016\/06\/2016-01-14-Fahrzeug-und-Geraetekunde-4-150x84.jpg\" class=\"attachment-thumbnail size-thumbnail\" alt=\"\" srcset=\"https:\/\/www.feuerwehr-bruderhof.at\/wp2\/wp-content\/uploads\/2016\/06\/2016-01-14-Fahrzeug-und-Geraetekunde-4-150x84.jpg 150w, https:\/\/www.feuerwehr-bruderhof.at\/wp2\/wp-content\/uploads\/2016\/06\/2016-01-14-Fahrzeug-und-Geraetekunde-4-250x141.jpg 250w, https:\/\/www.feuerwehr-bruderhof.at\/wp2\/wp-content\/uploads\/2016\/06\/2016-01-14-Fahrzeug-und-Geraetekunde-4-768x432.jpg 768w, https:\/\/www.feuerwehr-bruderhof.at\/wp2\/wp-content\/uploads\/2016\/06\/2016-01-14-Fahrzeug-und-Geraetekunde-4-700x394.jpg 700w, https:\/\/www.feuerwehr-bruderhof.at\/wp2\/wp-content\/uploads\/2016\/06\/2016-01-14-Fahrzeug-und-Geraetekunde-4-900x506.jpg 900w, https:\/\/www.feuerwehr-bruderhof.at\/wp2\/wp-content\/uploads\/2016\/06\/2016-01-14-Fahrzeug-und-Geraetekunde-4.jpg 960w\" sizes=\"auto, (max-width: 150px) 100vw, 150px\" \/><\/a>\n\t\t\t<\/div><\/figure>\n\t\t<\/div>\n\n","protected":false},"excerpt":{"rendered":"<p>Am heutigen \u00dcbungstag stand Fahrzeug und Ger\u00e4tekunde am Dienstplan um den Jugendlichen die Beladung unserer Fahrzeuge n\u00e4her zu bringen und<\/p>\n","protected":false},"author":10,"featured_media":0,"comment_status":"open","ping_status":"open","sticky":false,"template":"","format":"standard","meta":{"footnotes":""},"categories":[7],"tags":[],"class_list":["post-8611","post","type-post","status-publish","format-standard","hentry","category-feuerwehrjugend"],"_links":{"self":[{"href":"https:\/\/www.feuerwehr-bruderhof.at\/wp2\/wp-json\/wp\/v2\/posts\/8611","targetHints":{"allow":["GET"]}}],"collection":[{"href":"https:\/\/www.feuerwehr-bruderhof.at\/wp2\/wp-json\/wp\/v2\/posts"}],"about":[{"href":"https:\/\/www.feuerwehr-bruderhof.at\/wp2\/wp-json\/wp\/v2\/types\/post"}],"author":[{"embeddable":true,"href":"https:\/\/www.feuerwehr-bruderhof.at\/wp2\/wp-json\/wp\/v2\/users\/10"}],"replies":[{"embeddable":true,"href":"https:\/\/www.feuerwehr-bruderhof.at\/wp2\/wp-json\/wp\/v2\/comments?post=8611"}],"version-history":[{"count":2,"href":"https:\/\/www.feuerwehr-bruderhof.at\/wp2\/wp-json\/wp\/v2\/posts\/8611\/revisions"}],"predecessor-version":[{"id":8617,"href":"https:\/\/www.feuerwehr-bruderhof.at\/wp2\/wp-json\/wp\/v2\/posts\/8611\/revisions\/8617"}],"wp:attachment":[{"href":"https:\/\/www.feuerwehr-bruderhof.at\/wp2\/wp-json\/wp\/v2\/media?parent=8611"}],"wp:term":[{"taxonomy":"category","embeddable":true,"href":"https:\/\/www.feuerwehr-bruderhof.at\/wp2\/wp-json\/wp\/v2\/categories?post=8611"},{"taxonomy":"post_tag","embeddable":true,"href":"https:\/\/www.feuerwehr-bruderhof.at\/wp2\/wp-json\/wp\/v2\/tags?post=8611"}],"curies":[{"name":"wp","href":"https:\/\/api.w.org\/{rel}","templated":true}]}}